{"id":12656,"date":"2024-09-10T09:46:46","date_gmt":"2024-09-10T12:46:46","guid":{"rendered":"https:\/\/www.sime.org.br\/sis\/?p=12656"},"modified":"2025-05-26T10:10:32","modified_gmt":"2025-05-26T13:10:32","slug":"12656-2","status":"publish","type":"post","link":"https:\/\/www.sime.org.br\/sis\/12656-2\/","title":{"rendered":"CONTRIBUI\u00c7\u00c3O ASSISTENCIAL 2024"},"content":{"rendered":"<p>Ressaltamos que a contribui\u00e7\u00e3o assistencial foi aprovada em Assembleia Geral Extraordin\u00e1ria (AGE), <strong>aberta no dia 14 de maio de 2024<\/strong>\u00a0nos termos da cl\u00e1usula quinquag\u00e9sima quarta da conven\u00e7\u00e3o coletiva de trabalho\u00a0 devidamente registrada pelo Minist\u00e9rio do Trabalho, dispon\u00edvel no nosso site <strong>Conven\u00e7\u00e3o Coletiva Reajuste Salarial 2024\/2025 <\/strong>e \u00a0que estabelece\u00a0<strong>a obriga\u00e7\u00e3o de recolhimento da contribui\u00e7\u00e3o para todas as empresas do Com\u00e9rcio Varejista de Material El\u00e9trico, Eletr\u00f4nicos e Eletrodom\u00e9sticos do Rio de Janeiro.<\/strong><\/p>\n<p><!--more--><\/p>\n<p>Conforme tabela abaixo, <strong>com vencimento <\/strong><strong>30 de setembro de 2024.<\/strong><\/p>\n<p>&nbsp;<\/p>\n<p><strong>\u00a0 \u00a0 \u00a0 \u00a0 \u00a0 \u00a0 \u00a0 \u00a0 \u00a0 \u00a0 \u00a0 \u00a0 \u00a0 \u00a0 \u00a0 \u00a0 \u00a0 \u00a0 \u00a0 \u00a0 \u00a0 \u00a0 \u00a0 \u00a0 \u00a0 \u00a0 \u00a0 \u00a0 \u00a0 \u00a0 \u00a0 \u00a0 \u00a0 \u00a0 \u00a0 \u00a0 \u00a0 \u00a0 \u00a0 \u00a0 \u00a0 \u00a0 \u00a0 \u00a0 \u00a0 \u00a0 \u00a0 \u00a0 \u00a0 \u00a0 TABELA PARA PAGAMENTO\u00a0<\/strong><\/p>\n<p>&nbsp;<\/p>\n<p><img loading=\"lazy\" decoding=\"async\" class=\"aligncenter wp-image-12661 size-full\" src=\"https:\/\/www.sime.org.br\/sis\/wp-content\/uploads\/2024\/09\/Sem-titulo.jpg\" alt=\"\" width=\"583\" height=\"274\" srcset=\"https:\/\/www.sime.org.br\/sis\/wp-content\/uploads\/2024\/09\/Sem-titulo.jpg 583w, https:\/\/www.sime.org.br\/sis\/wp-content\/uploads\/2024\/09\/Sem-titulo-300x141.jpg 300w\" sizes=\"auto, (max-width: 583px) 100vw, 583px\" \/><\/p>\n<p>&nbsp;<\/p>\n<p><strong>Os recolhimentos efetuados ap\u00f3s 30 de setembro de 2024, ficar\u00e3o sujeitos \u00e0 multa de 2% (dois por cento), al\u00e9m de juros de mora de 1% (um por cento) ao m\u00eas.<\/strong><\/p>\n<p>Caso seja necess\u00e1rio a emiss\u00e3o de outras guias solicitamos entrar em contato com o Simerj atrav\u00e9s de nosso e-mail\u00a0<a href=\"mailto:simerj@sime.org.br\">simerj@sime.org.br<\/a> , pelos telefones (21) 2532-6619 \/ (21) 2532-9309 ou\u00a0<a href=\"https:\/\/simerj.tcsdigital.com.br\/digital\/guiaswebemissao\/emissaoguia.aspx?entidade=FE-7C-12-84-2F-5E-2E-64&amp;tipoguia=03\">clique aqui e emita diretamente no nosso site.<\/a><\/p>\n","protected":false},"excerpt":{"rendered":"<p>Ressaltamos que a contribui\u00e7\u00e3o assistencial foi aprovada em Assembleia Geral Extraordin\u00e1ria (AGE), aberta no dia 14 de maio de 2024\u00a0nos termos da cl\u00e1usula quinquag\u00e9sima quarta da conven\u00e7\u00e3o coletiva de trabalho\u00a0 devidamente registrada pelo Minist\u00e9rio do Trabalho, dispon\u00edvel no nosso site Conven\u00e7\u00e3o Coletiva Reajuste Salarial 2024\/2025 e \u00a0que estabelece\u00a0a obriga\u00e7\u00e3o de recolhimento da contribui\u00e7\u00e3o para todas [&hellip;]<\/p>\n","protected":false},"author":2,"featured_media":12658,"comment_status":"closed","ping_status":"closed","sticky":false,"template":"","format":"standard","meta":{"footnotes":""},"categories":[1],"tags":[],"class_list":["post-12656","post","type-post","status-publish","format-standard","has-post-thumbnail","hentry","category-sem-categoria"],"_links":{"self":[{"href":"https:\/\/www.sime.org.br\/sis\/wp-json\/wp\/v2\/posts\/12656","targetHints":{"allow":["GET"]}}],"collection":[{"href":"https:\/\/www.sime.org.br\/sis\/wp-json\/wp\/v2\/posts"}],"about":[{"href":"https:\/\/www.sime.org.br\/sis\/wp-json\/wp\/v2\/types\/post"}],"author":[{"embeddable":true,"href":"https:\/\/www.sime.org.br\/sis\/wp-json\/wp\/v2\/users\/2"}],"replies":[{"embeddable":true,"href":"https:\/\/www.sime.org.br\/sis\/wp-json\/wp\/v2\/comments?post=12656"}],"version-history":[{"count":2,"href":"https:\/\/www.sime.org.br\/sis\/wp-json\/wp\/v2\/posts\/12656\/revisions"}],"predecessor-version":[{"id":12663,"href":"https:\/\/www.sime.org.br\/sis\/wp-json\/wp\/v2\/posts\/12656\/revisions\/12663"}],"wp:featuredmedia":[{"embeddable":true,"href":"https:\/\/www.sime.org.br\/sis\/wp-json\/wp\/v2\/media\/12658"}],"wp:attachment":[{"href":"https:\/\/www.sime.org.br\/sis\/wp-json\/wp\/v2\/media?parent=12656"}],"wp:term":[{"taxonomy":"category","embeddable":true,"href":"https:\/\/www.sime.org.br\/sis\/wp-json\/wp\/v2\/categories?post=12656"},{"taxonomy":"post_tag","embeddable":true,"href":"https:\/\/www.sime.org.br\/sis\/wp-json\/wp\/v2\/tags?post=12656"}],"curies":[{"name":"wp","href":"https:\/\/api.w.org\/{rel}","templated":true}]}}