{"id":10717,"date":"2018-04-05T15:44:37","date_gmt":"2018-04-05T18:44:37","guid":{"rendered":"http:\/\/www.sime.org.br\/sis\/?p=10717"},"modified":"2018-04-10T16:39:30","modified_gmt":"2018-04-10T19:39:30","slug":"10717-2","status":"publish","type":"post","link":"https:\/\/www.sime.org.br\/sis\/10717-2\/","title":{"rendered":"INSTITU\u00cdDO O PERT-SN"},"content":{"rendered":"<p>Por meio da Lei Complementar 162, de 6\/1\/2018, publicada no dia de hoje, 09\/4\/2018, foi institu\u00eddo o Programa Especial de Regulariza\u00e7\u00e3o Tribut\u00e1ria das Microempresas e Empresas de Pequeno Porte optantes pelo Simples Nacional (Pert-SN), relativo aos tribut\u00e1rios apurados no Simples Nacional, observadas as seguintes condi\u00e7\u00f5es:<!--more--><\/p>\n<p><strong>&#8211; <\/strong>Pagamento em esp\u00e9cie de, no m\u00ednimo, 5% do valor da d\u00edvida consolidada, sem redu\u00e7\u00f5es, em at\u00e9 cinco parcelas mensais e sucessivas, e o restante: (i) liquidado integralmente, em parcela \u00fanica, com redu\u00e7\u00e3o de 90% dos juros de mora, 70% das multas de mora, de of\u00edcio ou isoladas e 100% dos encargos legais, inclusive honor\u00e1rios advocat\u00edcios; (ii) parcelado em at\u00e9 cento e quarenta e cinco parcelas mensais e sucessivas, com redu\u00e7\u00e3o de 80% dos juros de mora, 50% das multas de mora, de of\u00edcio ou isoladas e 100% dos encargos legais, inclusive honor\u00e1rios advocat\u00edcios; ou (iii) parcelado em at\u00e9 cento e setenta e cinco parcelas mensais e sucessivas, com redu\u00e7\u00e3o de 50% dos juros de mora, 25% das multas de mora, de of\u00edcio ou isoladas e 100% dos encargos legais, inclusive honor\u00e1rios advocat\u00edcios;<\/p>\n<p>&nbsp;<\/p>\n<p>Al\u00e9m disso, o valor m\u00ednimo das presta\u00e7\u00f5es ser\u00e1 de R$ 300,00, exceto no caso dos Microempreendedores Individuais (MEIs), cujo valor ser\u00e1 e demais condi\u00e7\u00f5es do parcelamento ser\u00e3o definidos pelo Comit\u00ea Gestor do Simples Nacional (CGSN).<\/p>\n<p>&nbsp;<\/p>\n<p><strong>Os interessados poder\u00e3o aderir ao parcelamento em at\u00e9 90 dias. <\/strong><\/p>\n<p>&nbsp;<\/p>\n<p><a href=\"http:\/\/www.sime.org.br\/sis\/wp-content\/uploads\/2018\/04\/Lei-Complementar-n\u00ba-162.pdf\">Disponibilizamos a \u00edntegra da Lei Complementar n\u00ba 162\/2018, para melhor compreens\u00e3o<\/a>.<\/p>\n","protected":false},"excerpt":{"rendered":"<p>Por meio da Lei Complementar 162, de 6\/1\/2018, publicada no dia de hoje, 09\/4\/2018, foi institu\u00eddo o Programa Especial de Regulariza\u00e7\u00e3o Tribut\u00e1ria das Microempresas e Empresas de Pequeno Porte optantes pelo Simples Nacional (Pert-SN), relativo aos tribut\u00e1rios apurados no Simples Nacional, observadas as seguintes condi\u00e7\u00f5es:<\/p>\n","protected":false},"author":2,"featured_media":10724,"comment_status":"open","ping_status":"open","sticky":false,"template":"","format":"standard","meta":{"footnotes":""},"categories":[31],"tags":[],"class_list":["post-10717","post","type-post","status-publish","format-standard","has-post-thumbnail","hentry","category-legislacao"],"_links":{"self":[{"href":"https:\/\/www.sime.org.br\/sis\/wp-json\/wp\/v2\/posts\/10717","targetHints":{"allow":["GET"]}}],"collection":[{"href":"https:\/\/www.sime.org.br\/sis\/wp-json\/wp\/v2\/posts"}],"about":[{"href":"https:\/\/www.sime.org.br\/sis\/wp-json\/wp\/v2\/types\/post"}],"author":[{"embeddable":true,"href":"https:\/\/www.sime.org.br\/sis\/wp-json\/wp\/v2\/users\/2"}],"replies":[{"embeddable":true,"href":"https:\/\/www.sime.org.br\/sis\/wp-json\/wp\/v2\/comments?post=10717"}],"version-history":[{"count":4,"href":"https:\/\/www.sime.org.br\/sis\/wp-json\/wp\/v2\/posts\/10717\/revisions"}],"predecessor-version":[{"id":10723,"href":"https:\/\/www.sime.org.br\/sis\/wp-json\/wp\/v2\/posts\/10717\/revisions\/10723"}],"wp:featuredmedia":[{"embeddable":true,"href":"https:\/\/www.sime.org.br\/sis\/wp-json\/wp\/v2\/media\/10724"}],"wp:attachment":[{"href":"https:\/\/www.sime.org.br\/sis\/wp-json\/wp\/v2\/media?parent=10717"}],"wp:term":[{"taxonomy":"category","embeddable":true,"href":"https:\/\/www.sime.org.br\/sis\/wp-json\/wp\/v2\/categories?post=10717"},{"taxonomy":"post_tag","embeddable":true,"href":"https:\/\/www.sime.org.br\/sis\/wp-json\/wp\/v2\/tags?post=10717"}],"curies":[{"name":"wp","href":"https:\/\/api.w.org\/{rel}","templated":true}]}}