{"id":10374,"date":"2017-10-06T15:46:51","date_gmt":"2017-10-06T18:46:51","guid":{"rendered":"http:\/\/www.sime.org.br\/sis\/?p=10374"},"modified":"2017-11-13T11:24:06","modified_gmt":"2017-11-13T13:24:06","slug":"10374-2","status":"publish","type":"post","link":"https:\/\/www.sime.org.br\/sis\/10374-2\/","title":{"rendered":"PRORROGADO PRAZO PARA ADES\u00c3O AO PERT &#8211; REFIS 2017"},"content":{"rendered":"<p><strong>O prazo para ades\u00e3o ao Programa Especial de Regulariza\u00e7\u00e3o Tribut\u00e1ria (PERT), tamb\u00e9m conhecido como novo REFIS, foi prorrogado at\u00e9 o dia 31\/10\/2017. <\/strong><\/p>\n<p><!--more--><\/p>\n<p>O PERT, institu\u00eddo pela Medida Provis\u00f3ria n\u00ba 783\/2017, prorrogado pela primeira vez pela Medida Provis\u00f3ria n\u00ba 798\/2017 at\u00e9 29.09.2017, e agora pela Medida Provis\u00f3ria n\u00ba 804\/2017 at\u00e9 31.10.2017, permite o parcelamento, com descontos de juros e multa, dos d\u00e9bitos junto \u00e0 Secretaria da Receita Federal do Brasil (RFB) e \u00e0 Procuradoria-Geral da Fazenda Nacional (PGFN).<\/p>\n<p>Para quem aderir ao PERT no m\u00eas de outubro, optando pela modalidade do pagamento \u00e0 vista de percentual de no m\u00ednimo 20% do valor da d\u00edvida consolidada, em 5 parcelas mensais e sucess\u00edveis venc\u00edveis de agosto a dezembro\/2017, o pagamento das parcelas de agosto e setembro de 2017 dever\u00e1 ser realizado cumulativamente com o pagamento da parcela \u00e0 vista referente ao m\u00eas de outubro de 2017.<\/p>\n<p>J\u00e1 para a op\u00e7\u00e3o pelo pagamento da d\u00edvida consolidada em at\u00e9 120 presta\u00e7\u00f5es mensais e sucessiva, h\u00e1 a previs\u00e3o de que percentuais m\u00ednimos da d\u00edvida dever\u00e3o ser observados em cada presta\u00e7\u00e3o sendo: da 1\u00aa \u00e0 12\u00aa presta\u00e7\u00e3o \u2013 percentual m\u00ednimo de 0,4%; da 13\u00aa \u00e0 24\u00aa presta\u00e7\u00e3o \u2013 percentual m\u00ednimo de 0,5%; da 25\u00aa \u00e0 36\u00aa presta\u00e7\u00e3o \u2013 percentual m\u00ednimo de 0,6%; e da 37\u00aa presta\u00e7\u00e3o em diante \u2013 o saldo remanescente em at\u00e9 84 presta\u00e7\u00f5es. Para quem aderir ao PERT no m\u00eas de setembro, os pagamentos das tr\u00eas primeiras presta\u00e7\u00f5es, nos percentuais m\u00ednimos de 0,4% da d\u00edvida consolidada, dever\u00e3o ser realizados cumulativamente no m\u00eas de outubro.<\/p>\n<p>O prazo para a MP n\u00ba 783\/2017 ser convertida em Lei \u00e9 31\/10\/2017, caso contr\u00e1rio, perder\u00e1 sua validade. O Projeto de Lei de Convers\u00e3o da Medida Provis\u00f3ria n\u00ba 783 (PLV) tramita no Senado sob o n\u00ba 23\/2017.<\/p>\n<p>&nbsp;<\/p>\n<p><a href=\"http:\/\/www.sime.org.br\/sis\/wp-content\/uploads\/2017\/10\/MPV-783.pdf\">Veja aqui\u00a0a Medida Provis\u00f3ria n\u00ba 783<\/a><\/p>\n<p><a href=\"http:\/\/www.sime.org.br\/sis\/wp-content\/uploads\/2017\/10\/MPV-804.pdf\">Veja aqui\u00a0a Medida Provis\u00f3ria n\u00ba 804<\/a><\/p>\n<p>&nbsp;<\/p>\n<p>Fonte: FECOM\u00c9RCIO &#8211; RJ<\/p>\n<p>&nbsp;<\/p>\n<p>&nbsp;<\/p>\n<p>&nbsp;<\/p>\n","protected":false},"excerpt":{"rendered":"<p>O prazo para ades\u00e3o ao Programa Especial de Regulariza\u00e7\u00e3o Tribut\u00e1ria (PERT), tamb\u00e9m conhecido como novo REFIS, foi prorrogado at\u00e9 o dia 31\/10\/2017.<\/p>\n","protected":false},"author":2,"featured_media":10379,"comment_status":"open","ping_status":"open","sticky":false,"template":"","format":"standard","meta":{"footnotes":""},"categories":[1],"tags":[],"class_list":["post-10374","post","type-post","status-publish","format-standard","has-post-thumbnail","hentry","category-sem-categoria"],"_links":{"self":[{"href":"https:\/\/www.sime.org.br\/sis\/wp-json\/wp\/v2\/posts\/10374","targetHints":{"allow":["GET"]}}],"collection":[{"href":"https:\/\/www.sime.org.br\/sis\/wp-json\/wp\/v2\/posts"}],"about":[{"href":"https:\/\/www.sime.org.br\/sis\/wp-json\/wp\/v2\/types\/post"}],"author":[{"embeddable":true,"href":"https:\/\/www.sime.org.br\/sis\/wp-json\/wp\/v2\/users\/2"}],"replies":[{"embeddable":true,"href":"https:\/\/www.sime.org.br\/sis\/wp-json\/wp\/v2\/comments?post=10374"}],"version-history":[{"count":5,"href":"https:\/\/www.sime.org.br\/sis\/wp-json\/wp\/v2\/posts\/10374\/revisions"}],"predecessor-version":[{"id":10380,"href":"https:\/\/www.sime.org.br\/sis\/wp-json\/wp\/v2\/posts\/10374\/revisions\/10380"}],"wp:featuredmedia":[{"embeddable":true,"href":"https:\/\/www.sime.org.br\/sis\/wp-json\/wp\/v2\/media\/10379"}],"wp:attachment":[{"href":"https:\/\/www.sime.org.br\/sis\/wp-json\/wp\/v2\/media?parent=10374"}],"wp:term":[{"taxonomy":"category","embeddable":true,"href":"https:\/\/www.sime.org.br\/sis\/wp-json\/wp\/v2\/categories?post=10374"},{"taxonomy":"post_tag","embeddable":true,"href":"https:\/\/www.sime.org.br\/sis\/wp-json\/wp\/v2\/tags?post=10374"}],"curies":[{"name":"wp","href":"https:\/\/api.w.org\/{rel}","templated":true}]}}