{"id":10217,"date":"2017-09-04T11:16:56","date_gmt":"2017-09-04T14:16:56","guid":{"rendered":"http:\/\/www.sime.org.br\/sis\/?p=10217"},"modified":"2017-09-12T09:51:13","modified_gmt":"2017-09-12T12:51:13","slug":"10217-2","status":"publish","type":"post","link":"https:\/\/www.sime.org.br\/sis\/10217-2\/","title":{"rendered":"AUMENTO DO IPTU E ITBI \u2013 AUDI\u00caNCIA P\u00daBLICA"},"content":{"rendered":"<p>O SIMERJ convida\u00a0as empresas do setor para comparecerem \u00e0 audi\u00eancia p\u00fablica que ser\u00e1 realizada nessa ter\u00e7a-feira, dia 05 de setembro, \u00e0s 15 h, no Plen\u00e1rio da C\u00e2mara Municipal do Rio de Janeiro, a fim de manifestar posicionamento contr\u00e1rio ao aumento de IPTU e ITBI<!--more-->.<\/p>\n<p>Presados Senhores<\/p>\n<p>Em fun\u00e7\u00e3o do trabalho realizado sobre o Projeto de Lei n\u00b0 268\/2017, que prev\u00ea altera\u00e7\u00f5es relativas ao IPTU (Imposto Predial e Territorial Urbano) e ITBI (Imposto Sobre Transmiss\u00e3o de Bens Im\u00f3veis), informamos que o mesmo est\u00e1 previsto para ser votado, <strong>na pr\u00f3xima ter\u00e7a-feira, dia 05 de setembro<\/strong>, <strong>\u00e0s 15h<\/strong>, no Plen\u00e1rio da C\u00e2mara Municipal do Rio de Janeiro, localizada na Pra\u00e7a Floriano, s\/n\u00ba, Cinel\u00e2ndia.<\/p>\n<p>Desta forma, dando continuidade ao trabalho desenvolvido sobre o assunto, convidamos as empresas para comparecerem ao Plen\u00e1rio da C\u00e2mara Municipal do Rio de Janeiro, a fim de manifestar posicionamento contr\u00e1rio ao aumento de impostos.<\/p>\n<p>Havendo altera\u00e7\u00e3o da data acima prevista para vota\u00e7\u00e3o do referido Projeto de Lei, informaremos a altera\u00e7\u00e3o, bem como a nova data.<\/p>\n<p>&nbsp;<\/p>\n<p>Atenciosamente,<\/p>\n<p>Antonio Flor\u00eancio de Queiroz J\u00fanior<\/p>\n<p>Presidente<\/p>\n","protected":false},"excerpt":{"rendered":"<p>O SIMERJ convida\u00a0as empresas do setor para comparecerem \u00e0 audi\u00eancia p\u00fablica que ser\u00e1 realizada nessa ter\u00e7a-feira, dia 05 de setembro, \u00e0s 15 h, no Plen\u00e1rio da C\u00e2mara Municipal do Rio de Janeiro, a fim de manifestar posicionamento contr\u00e1rio ao aumento de IPTU e ITBI<\/p>\n","protected":false},"author":2,"featured_media":10223,"comment_status":"open","ping_status":"open","sticky":false,"template":"","format":"standard","meta":{"footnotes":""},"categories":[1],"tags":[],"class_list":["post-10217","post","type-post","status-publish","format-standard","has-post-thumbnail","hentry","category-sem-categoria"],"_links":{"self":[{"href":"https:\/\/www.sime.org.br\/sis\/wp-json\/wp\/v2\/posts\/10217","targetHints":{"allow":["GET"]}}],"collection":[{"href":"https:\/\/www.sime.org.br\/sis\/wp-json\/wp\/v2\/posts"}],"about":[{"href":"https:\/\/www.sime.org.br\/sis\/wp-json\/wp\/v2\/types\/post"}],"author":[{"embeddable":true,"href":"https:\/\/www.sime.org.br\/sis\/wp-json\/wp\/v2\/users\/2"}],"replies":[{"embeddable":true,"href":"https:\/\/www.sime.org.br\/sis\/wp-json\/wp\/v2\/comments?post=10217"}],"version-history":[{"count":5,"href":"https:\/\/www.sime.org.br\/sis\/wp-json\/wp\/v2\/posts\/10217\/revisions"}],"predecessor-version":[{"id":10222,"href":"https:\/\/www.sime.org.br\/sis\/wp-json\/wp\/v2\/posts\/10217\/revisions\/10222"}],"wp:featuredmedia":[{"embeddable":true,"href":"https:\/\/www.sime.org.br\/sis\/wp-json\/wp\/v2\/media\/10223"}],"wp:attachment":[{"href":"https:\/\/www.sime.org.br\/sis\/wp-json\/wp\/v2\/media?parent=10217"}],"wp:term":[{"taxonomy":"category","embeddable":true,"href":"https:\/\/www.sime.org.br\/sis\/wp-json\/wp\/v2\/categories?post=10217"},{"taxonomy":"post_tag","embeddable":true,"href":"https:\/\/www.sime.org.br\/sis\/wp-json\/wp\/v2\/tags?post=10217"}],"curies":[{"name":"wp","href":"https:\/\/api.w.org\/{rel}","templated":true}]}}